{"id":325,"date":"2023-08-06T15:28:22","date_gmt":"2023-08-06T14:28:22","guid":{"rendered":"https:\/\/gondrand.ma\/?p=325"},"modified":"2023-08-06T19:20:36","modified_gmt":"2023-08-06T18:20:36","slug":"le-maroc-sur-le-trone-de-la-logistique-entre-lafrique-et-leurope","status":"publish","type":"post","link":"https:\/\/gondrand.ma\/en\/le-maroc-sur-le-trone-de-la-logistique-entre-lafrique-et-leurope\/","title":{"rendered":"Le Maroc, sur le tr\u00f4ne de la logistique entre l&rsquo;afrique et l&rsquo;europe"},"content":{"rendered":"<p class=\"has-black-color has-text-color\">Situ\u00e9 au carrefour de l&rsquo;Europe et de l&rsquo;Afrique, le Maroc s&rsquo;est impos\u00e9 comme un acteur incontournable dans le domaine de la logistique mondiale. La situation g\u00e9ographique strat\u00e9gique de cette nation nord-africaine, ses infrastructures bien d\u00e9velopp\u00e9es et son environnement politique stable en font un lien cl\u00e9 reliant les deux continents. Alors que le commerce international et l&rsquo;int\u00e9gration \u00e9conomique continuent de prosp\u00e9rer, l&rsquo;importance du Maroc en tant que passerelle logistique augmente, facilitant le flux continu de biens et de services entre l&rsquo;Europe et l&rsquo;Afrique.<\/p>\n\n\n\n<h2 class=\"wp-block-heading\">Avantage g\u00e9ographique<\/h2>\n\n\n\n<figure class=\"wp-block-image size-full is-resized\"><img decoding=\"async\" loading=\"lazy\" src=\"https:\/\/gondrand.ma\/wp-content\/uploads\/2023\/08\/shutterstock-538059289.png\" alt=\"\" class=\"wp-image-326\" width=\"737\" height=\"491\"\/><\/figure>\n\n\n\n<p>La position du Maroc \u00e0 l&rsquo;angle nord-ouest de l&rsquo;Afrique lui conf\u00e8re une proximit\u00e9 in\u00e9gal\u00e9e avec l&rsquo;Europe. Avec juste un \u00e9troit d\u00e9troit de Gibraltar le s\u00e9parant de l&rsquo;Espagne, le pays est id\u00e9alement situ\u00e9 pour un transport maritime efficace. Cet avantage g\u00e9ographique r\u00e9duit consid\u00e9rablement les distances et les d\u00e9lais d&rsquo;exp\u00e9dition, faisant du Maroc une option attrayante pour les entreprises europ\u00e9ennes cherchant \u00e0 se d\u00e9velopper sur les march\u00e9s africains et vice versa.<\/p>\n\n\n\n<h2 class=\"wp-block-heading\">Infrastructure de transport robuste<\/h2>\n\n\n\n<p>Le gouvernement marocain a r\u00e9alis\u00e9 d&rsquo;importants investissements dans les infrastructures de transport modernes. Notamment, ses ports maritimes, tels que Tanger-Med et Casablanca, sont parmi les plus actifs d&rsquo;Afrique. Ces ports servent de passerelles maritimes vitales, traitant une partie substantielle des activit\u00e9s d&rsquo;importation et d&rsquo;exportation du continent. Des r\u00e9seaux routiers bien connect\u00e9s et des syst\u00e8mes ferroviaires efficaces renforcent encore les capacit\u00e9s logistiques du Maroc, am\u00e9liorant la circulation des marchandises \u00e0 travers ses fronti\u00e8res.<\/p>\n\n\n\n<h2 class=\"wp-block-heading\">Des accords de libre-\u00e9change<\/h2>\n\n\n\n<p>La poursuite de la lib\u00e9ralisation \u00e9conomique du Maroc a abouti \u00e0 de nombreux accords de libre-\u00e9change, en particulier avec l&rsquo;Union europ\u00e9enne (UE). Ces accords ont consid\u00e9rablement r\u00e9duit les barri\u00e8res commerciales et les tarifs entre le Maroc et les \u00c9tats membres de l&rsquo;UE, favorisant un environnement plus propice au commerce et \u00e0 l&rsquo;investissement. En cons\u00e9quence, les entreprises europ\u00e9ennes ont de plus en plus utilis\u00e9 le Maroc comme plaque tournante pour la fabrication et la distribution en Afrique, capitalisant sur l&rsquo;acc\u00e8s pr\u00e9f\u00e9rentiel du pays aux march\u00e9s europ\u00e9ens et africains.<\/p>\n\n\n\n<h2 class=\"wp-block-heading\">Stabilit\u00e9 et environnement favorable aux entreprises<\/h2>\n\n\n\n<p>Dans une r\u00e9gion souvent marqu\u00e9e par l&rsquo;incertitude politique, le Maroc s&rsquo;impose comme un phare de stabilit\u00e9. Son gouvernement a d\u00e9montr\u00e9 son engagement envers les r\u00e9formes \u00e9conomiques et les investissements \u00e9trangers, cr\u00e9ant un environnement commercial attrayant. Le climat politique stable du pays et son approche proactive du d\u00e9veloppement \u00e9conomique ont encourag\u00e9 les entreprises mondiales \u00e0 \u00e9tablir des si\u00e8ges sociaux r\u00e9gionaux et des centres de distribution au Maroc. Cet afflux d&rsquo;entreprises \u00e9trang\u00e8res renforce encore les capacit\u00e9s logistiques du pays.<\/p>\n\n\n\n<p><strong>Le r\u00f4le central du Maroc en tant que pont logistique entre l&rsquo;Europe et l&rsquo;Afrique ne peut \u00eatre sous-estim\u00e9. Sa position g\u00e9ographique avantageuse, ses infrastructures de transport robustes, ses accords de libre-\u00e9change, sa stabilit\u00e9 politique et sa diversification \u00e9conomique ont tous contribu\u00e9 \u00e0 son \u00e9mergence en tant qu&rsquo;acteur majeur dans le paysage logistique mondial. Alors que le commerce international continue d&rsquo;\u00e9voluer, le Maroc est sur le point de jouer un r\u00f4le encore plus critique dans la facilitation de la circulation des marchandises, la promotion de la croissance \u00e9conomique et le renforcement des liens entre l&rsquo;Europe et l&rsquo;Afrique.<\/strong><\/p>","protected":false},"excerpt":{"rendered":"<p>Situ\u00e9 au carrefour de l&rsquo;Europe et de l&rsquo;Afrique, le Maroc s&rsquo;est impos\u00e9 comme un acteur incontournable dans le domaine de la logistique mondiale. La situation g\u00e9ographique strat\u00e9gique de cette nation nord-africaine, ses infrastructures bien d\u00e9velopp\u00e9es et son environnement politique stable en font un lien cl\u00e9 reliant les deux continents. Alors que le commerce international et [&hellip;]<\/p>","protected":false},"author":1,"featured_media":202,"comment_status":"open","ping_status":"open","sticky":false,"template":"","format":"standard","meta":{"footnotes":""},"categories":[1],"tags":[],"yoast_head":"<!-- This site is optimized with the Yoast SEO plugin v21.0 - https:\/\/yoast.com\/wordpress\/plugins\/seo\/ -->\n<title>Le Maroc, sur le tr\u00f4ne de la logistique entre l&#039;afrique et l&#039;europe | GTSM<\/title>\n<meta name=\"robots\" content=\"index, follow, max-snippet:-1, max-image-preview:large, max-video-preview:-1\" \/>\n<link rel=\"canonical\" href=\"https:\/\/gondrand.ma\/en\/le-maroc-sur-le-trone-de-la-logistique-entre-lafrique-et-leurope\/\" \/>\n<meta property=\"og:locale\" content=\"en_GB\" \/>\n<meta property=\"og:type\" content=\"article\" \/>\n<meta property=\"og:title\" content=\"Le Maroc, sur le tr\u00f4ne de la logistique entre l&#039;afrique et l&#039;europe | GTSM\" \/>\n<meta property=\"og:description\" content=\"Situ\u00e9 au carrefour de l&rsquo;Europe et de l&rsquo;Afrique, le Maroc s&rsquo;est impos\u00e9 comme un acteur incontournable dans le domaine de la logistique mondiale. La situation g\u00e9ographique strat\u00e9gique de cette nation nord-africaine, ses infrastructures bien d\u00e9velopp\u00e9es et son environnement politique stable en font un lien cl\u00e9 reliant les deux continents. Alors que le commerce international et [&hellip;]\" \/>\n<meta property=\"og:url\" content=\"https:\/\/gondrand.ma\/en\/le-maroc-sur-le-trone-de-la-logistique-entre-lafrique-et-leurope\/\" \/>\n<meta property=\"og:site_name\" content=\"GTSM\" \/>\n<meta property=\"article:published_time\" content=\"2023-08-06T14:28:22+00:00\" \/>\n<meta property=\"article:modified_time\" content=\"2023-08-06T18:20:36+00:00\" \/>\n<meta property=\"og:image\" content=\"https:\/\/gondrand.ma\/wp-content\/uploads\/2023\/07\/Morocco-Flag.png\" \/>\n\t<meta property=\"og:image:width\" content=\"2560\" \/>\n\t<meta property=\"og:image:height\" content=\"1707\" \/>\n\t<meta property=\"og:image:type\" content=\"image\/png\" \/>\n<meta name=\"author\" content=\"admin\" \/>\n<meta name=\"twitter:card\" content=\"summary_large_image\" \/>\n<script type=\"application\/ld+json\" class=\"yoast-schema-graph\">{\"@context\":\"https:\/\/schema.org\",\"@graph\":[{\"@type\":\"Article\",\"@id\":\"https:\/\/gondrand.ma\/le-maroc-sur-le-trone-de-la-logistique-entre-lafrique-et-leurope\/#article\",\"isPartOf\":{\"@id\":\"https:\/\/gondrand.ma\/le-maroc-sur-le-trone-de-la-logistique-entre-lafrique-et-leurope\/\"},\"author\":{\"name\":\"admin\",\"@id\":\"https:\/\/gondrand.ma\/#\/schema\/person\/4de43d9e668388aff9a5d56d32e9b1c5\"},\"headline\":\"Le Maroc, sur le tr\u00f4ne de la logistique entre l&rsquo;afrique et l&rsquo;europe\",\"datePublished\":\"2023-08-06T14:28:22+00:00\",\"dateModified\":\"2023-08-06T18:20:36+00:00\",\"mainEntityOfPage\":{\"@id\":\"https:\/\/gondrand.ma\/le-maroc-sur-le-trone-de-la-logistique-entre-lafrique-et-leurope\/\"},\"wordCount\":563,\"commentCount\":0,\"publisher\":{\"@id\":\"https:\/\/gondrand.ma\/#organization\"},\"articleSection\":[\"Uncategorized\"],\"inLanguage\":\"en-GB\",\"potentialAction\":[{\"@type\":\"CommentAction\",\"name\":\"Comment\",\"target\":[\"https:\/\/gondrand.ma\/le-maroc-sur-le-trone-de-la-logistique-entre-lafrique-et-leurope\/#respond\"]}]},{\"@type\":\"WebPage\",\"@id\":\"https:\/\/gondrand.ma\/le-maroc-sur-le-trone-de-la-logistique-entre-lafrique-et-leurope\/\",\"url\":\"https:\/\/gondrand.ma\/le-maroc-sur-le-trone-de-la-logistique-entre-lafrique-et-leurope\/\",\"name\":\"Le Maroc, sur le tr\u00f4ne de la logistique entre l'afrique et l'europe | GTSM\",\"isPartOf\":{\"@id\":\"https:\/\/gondrand.ma\/#website\"},\"datePublished\":\"2023-08-06T14:28:22+00:00\",\"dateModified\":\"2023-08-06T18:20:36+00:00\",\"breadcrumb\":{\"@id\":\"https:\/\/gondrand.ma\/le-maroc-sur-le-trone-de-la-logistique-entre-lafrique-et-leurope\/#breadcrumb\"},\"inLanguage\":\"en-GB\",\"potentialAction\":[{\"@type\":\"ReadAction\",\"target\":[\"https:\/\/gondrand.ma\/le-maroc-sur-le-trone-de-la-logistique-entre-lafrique-et-leurope\/\"]}]},{\"@type\":\"BreadcrumbList\",\"@id\":\"https:\/\/gondrand.ma\/le-maroc-sur-le-trone-de-la-logistique-entre-lafrique-et-leurope\/#breadcrumb\",\"itemListElement\":[{\"@type\":\"ListItem\",\"position\":1,\"name\":\"Accueil\",\"item\":\"https:\/\/gondrand.ma\/\"},{\"@type\":\"ListItem\",\"position\":2,\"name\":\"Le Maroc, sur le tr\u00f4ne de la logistique entre l&rsquo;afrique et l&rsquo;europe\"}]},{\"@type\":\"WebSite\",\"@id\":\"https:\/\/gondrand.ma\/#website\",\"url\":\"https:\/\/gondrand.ma\/\",\"name\":\"GTSM\",\"description\":\"Africa logistics\",\"publisher\":{\"@id\":\"https:\/\/gondrand.ma\/#organization\"},\"alternateName\":\"Gondrand\",\"potentialAction\":[{\"@type\":\"SearchAction\",\"target\":{\"@type\":\"EntryPoint\",\"urlTemplate\":\"https:\/\/gondrand.ma\/?s={search_term_string}\"},\"query-input\":\"required name=search_term_string\"}],\"inLanguage\":\"en-GB\"},{\"@type\":\"Organization\",\"@id\":\"https:\/\/gondrand.ma\/#organization\",\"name\":\"GTSM\",\"url\":\"https:\/\/gondrand.ma\/\",\"logo\":{\"@type\":\"ImageObject\",\"inLanguage\":\"en-GB\",\"@id\":\"https:\/\/gondrand.ma\/#\/schema\/logo\/image\/\",\"url\":\"https:\/\/gondrand.ma\/wp-content\/uploads\/2023\/07\/logo.png\",\"contentUrl\":\"https:\/\/gondrand.ma\/wp-content\/uploads\/2023\/07\/logo.png\",\"width\":800,\"height\":336,\"caption\":\"GTSM\"},\"image\":{\"@id\":\"https:\/\/gondrand.ma\/#\/schema\/logo\/image\/\"}},{\"@type\":\"Person\",\"@id\":\"https:\/\/gondrand.ma\/#\/schema\/person\/4de43d9e668388aff9a5d56d32e9b1c5\",\"name\":\"admin\",\"image\":{\"@type\":\"ImageObject\",\"inLanguage\":\"en-GB\",\"@id\":\"https:\/\/gondrand.ma\/#\/schema\/person\/image\/\",\"url\":\"https:\/\/secure.gravatar.com\/avatar\/a3b19e8395652981bf05c0f5dc6795fd?s=96&d=mm&r=g\",\"contentUrl\":\"https:\/\/secure.gravatar.com\/avatar\/a3b19e8395652981bf05c0f5dc6795fd?s=96&d=mm&r=g\",\"caption\":\"admin\"},\"sameAs\":[\"https:\/\/gondrand.ma\"],\"url\":\"https:\/\/gondrand.ma\/en\/author\/admin\/\"}]}<\/script>\n<!-- \/ Yoast SEO plugin. -->","yoast_head_json":{"title":"Le Maroc, sur le tr\u00f4ne de la logistique entre l'afrique et l'europe | GTSM","robots":{"index":"index","follow":"follow","max-snippet":"max-snippet:-1","max-image-preview":"max-image-preview:large","max-video-preview":"max-video-preview:-1"},"canonical":"https:\/\/gondrand.ma\/en\/le-maroc-sur-le-trone-de-la-logistique-entre-lafrique-et-leurope\/","og_locale":"en_GB","og_type":"article","og_title":"Le Maroc, sur le tr\u00f4ne de la logistique entre l'afrique et l'europe | GTSM","og_description":"Situ\u00e9 au carrefour de l&rsquo;Europe et de l&rsquo;Afrique, le Maroc s&rsquo;est impos\u00e9 comme un acteur incontournable dans le domaine de la logistique mondiale. La situation g\u00e9ographique strat\u00e9gique de cette nation nord-africaine, ses infrastructures bien d\u00e9velopp\u00e9es et son environnement politique stable en font un lien cl\u00e9 reliant les deux continents. Alors que le commerce international et [&hellip;]","og_url":"https:\/\/gondrand.ma\/en\/le-maroc-sur-le-trone-de-la-logistique-entre-lafrique-et-leurope\/","og_site_name":"GTSM","article_published_time":"2023-08-06T14:28:22+00:00","article_modified_time":"2023-08-06T18:20:36+00:00","og_image":[{"width":2560,"height":1707,"url":"https:\/\/gondrand.ma\/wp-content\/uploads\/2023\/07\/Morocco-Flag.png","type":"image\/png"}],"author":"admin","twitter_card":"summary_large_image","schema":{"@context":"https:\/\/schema.org","@graph":[{"@type":"Article","@id":"https:\/\/gondrand.ma\/le-maroc-sur-le-trone-de-la-logistique-entre-lafrique-et-leurope\/#article","isPartOf":{"@id":"https:\/\/gondrand.ma\/le-maroc-sur-le-trone-de-la-logistique-entre-lafrique-et-leurope\/"},"author":{"name":"admin","@id":"https:\/\/gondrand.ma\/#\/schema\/person\/4de43d9e668388aff9a5d56d32e9b1c5"},"headline":"Le Maroc, sur le tr\u00f4ne de la logistique entre l&rsquo;afrique et l&rsquo;europe","datePublished":"2023-08-06T14:28:22+00:00","dateModified":"2023-08-06T18:20:36+00:00","mainEntityOfPage":{"@id":"https:\/\/gondrand.ma\/le-maroc-sur-le-trone-de-la-logistique-entre-lafrique-et-leurope\/"},"wordCount":563,"commentCount":0,"publisher":{"@id":"https:\/\/gondrand.ma\/#organization"},"articleSection":["Uncategorized"],"inLanguage":"en-GB","potentialAction":[{"@type":"CommentAction","name":"Comment","target":["https:\/\/gondrand.ma\/le-maroc-sur-le-trone-de-la-logistique-entre-lafrique-et-leurope\/#respond"]}]},{"@type":"WebPage","@id":"https:\/\/gondrand.ma\/le-maroc-sur-le-trone-de-la-logistique-entre-lafrique-et-leurope\/","url":"https:\/\/gondrand.ma\/le-maroc-sur-le-trone-de-la-logistique-entre-lafrique-et-leurope\/","name":"Le Maroc, sur le tr\u00f4ne de la logistique entre l'afrique et l'europe | GTSM","isPartOf":{"@id":"https:\/\/gondrand.ma\/#website"},"datePublished":"2023-08-06T14:28:22+00:00","dateModified":"2023-08-06T18:20:36+00:00","breadcrumb":{"@id":"https:\/\/gondrand.ma\/le-maroc-sur-le-trone-de-la-logistique-entre-lafrique-et-leurope\/#breadcrumb"},"inLanguage":"en-GB","potentialAction":[{"@type":"ReadAction","target":["https:\/\/gondrand.ma\/le-maroc-sur-le-trone-de-la-logistique-entre-lafrique-et-leurope\/"]}]},{"@type":"BreadcrumbList","@id":"https:\/\/gondrand.ma\/le-maroc-sur-le-trone-de-la-logistique-entre-lafrique-et-leurope\/#breadcrumb","itemListElement":[{"@type":"ListItem","position":1,"name":"Accueil","item":"https:\/\/gondrand.ma\/"},{"@type":"ListItem","position":2,"name":"Le Maroc, sur le tr\u00f4ne de la logistique entre l&rsquo;afrique et l&rsquo;europe"}]},{"@type":"WebSite","@id":"https:\/\/gondrand.ma\/#website","url":"https:\/\/gondrand.ma\/","name":"GTSM","description":"Africa logistics","publisher":{"@id":"https:\/\/gondrand.ma\/#organization"},"alternateName":"Gondrand","potentialAction":[{"@type":"SearchAction","target":{"@type":"EntryPoint","urlTemplate":"https:\/\/gondrand.ma\/?s={search_term_string}"},"query-input":"required name=search_term_string"}],"inLanguage":"en-GB"},{"@type":"Organization","@id":"https:\/\/gondrand.ma\/#organization","name":"GTSM","url":"https:\/\/gondrand.ma\/","logo":{"@type":"ImageObject","inLanguage":"en-GB","@id":"https:\/\/gondrand.ma\/#\/schema\/logo\/image\/","url":"https:\/\/gondrand.ma\/wp-content\/uploads\/2023\/07\/logo.png","contentUrl":"https:\/\/gondrand.ma\/wp-content\/uploads\/2023\/07\/logo.png","width":800,"height":336,"caption":"GTSM"},"image":{"@id":"https:\/\/gondrand.ma\/#\/schema\/logo\/image\/"}},{"@type":"Person","@id":"https:\/\/gondrand.ma\/#\/schema\/person\/4de43d9e668388aff9a5d56d32e9b1c5","name":"admin","image":{"@type":"ImageObject","inLanguage":"en-GB","@id":"https:\/\/gondrand.ma\/#\/schema\/person\/image\/","url":"https:\/\/secure.gravatar.com\/avatar\/a3b19e8395652981bf05c0f5dc6795fd?s=96&d=mm&r=g","contentUrl":"https:\/\/secure.gravatar.com\/avatar\/a3b19e8395652981bf05c0f5dc6795fd?s=96&d=mm&r=g","caption":"admin"},"sameAs":["https:\/\/gondrand.ma"],"url":"https:\/\/gondrand.ma\/en\/author\/admin\/"}]}},"_links":{"self":[{"href":"https:\/\/gondrand.ma\/en\/wp-json\/wp\/v2\/posts\/325"}],"collection":[{"href":"https:\/\/gondrand.ma\/en\/wp-json\/wp\/v2\/posts"}],"about":[{"href":"https:\/\/gondrand.ma\/en\/wp-json\/wp\/v2\/types\/post"}],"author":[{"embeddable":true,"href":"https:\/\/gondrand.ma\/en\/wp-json\/wp\/v2\/users\/1"}],"replies":[{"embeddable":true,"href":"https:\/\/gondrand.ma\/en\/wp-json\/wp\/v2\/comments?post=325"}],"version-history":[{"count":1,"href":"https:\/\/gondrand.ma\/en\/wp-json\/wp\/v2\/posts\/325\/revisions"}],"predecessor-version":[{"id":327,"href":"https:\/\/gondrand.ma\/en\/wp-json\/wp\/v2\/posts\/325\/revisions\/327"}],"wp:featuredmedia":[{"embeddable":true,"href":"https:\/\/gondrand.ma\/en\/wp-json\/wp\/v2\/media\/202"}],"wp:attachment":[{"href":"https:\/\/gondrand.ma\/en\/wp-json\/wp\/v2\/media?parent=325"}],"wp:term":[{"taxonomy":"category","embeddable":true,"href":"https:\/\/gondrand.ma\/en\/wp-json\/wp\/v2\/categories?post=325"},{"taxonomy":"post_tag","embeddable":true,"href":"https:\/\/gondrand.ma\/en\/wp-json\/wp\/v2\/tags?post=325"}],"curies":[{"name":"wp","href":"https:\/\/api.w.org\/{rel}","templated":true}]}}